{"id":4445,"date":"2024-08-14T08:58:37","date_gmt":"2024-08-14T06:58:37","guid":{"rendered":"https:\/\/viada.net\/blog\/?p=4445"},"modified":"2026-03-10T14:32:12","modified_gmt":"2026-03-10T13:32:12","slug":"carpas-plegables-stand-ferias","status":"publish","type":"post","link":"https:\/\/viada.net\/blog\/carpas-plegables-stand-ferias\/","title":{"rendered":"Carpas Plegables para Stand en Ferias y Eventos"},"content":{"rendered":"\r\n\r\n\r\n\r\n\r\n<p class=\"wp-block-paragraph\">Cuando te preparas para participar en una feria o evento, uno de los elementos m\u00e1s importantes es el <strong>stand<\/strong>. Las <strong>carpas plegables son una opci\u00f3n excelente para montar un stand atractivo y funcional.<\/strong>\u00a0<\/p>\r\n\r\n\r\n\r\n<p class=\"wp-block-paragraph\">En este art\u00edculo, te contamos<strong> todo lo que necesitas saber<\/strong> para elegir la carpa plegable perfecta y sacarle el m\u00e1ximo provecho. \u00a1Empezamos!<\/p>\r\n\r\n\r\n\r\n<h2 class=\"wp-block-heading\"><strong>\u00bfPor qu\u00e9 usar una carpa plegable?<\/strong><\/h2>\r\n\r\n\r\n\r\n<p class=\"wp-block-paragraph\">Las carpas plegables son<strong> ideales para ferias y eventos de todo tipo<\/strong> porque son <strong>f\u00e1ciles de transportar, montar y desmontar.<\/strong>\u00a0<\/p>\r\n\r\n\r\n\r\n<p class=\"wp-block-paragraph\">Ofrecen un <strong>espacio cubierto<\/strong> que protege tanto a tus productos como a tus visitantes del sol, la lluvia y el viento. Adem\u00e1s, su estructura resistente y vers\u00e1til permite adaptarlas a cualquier tipo de evento.<\/p>\r\n\r\n\r\n\r\n<p class=\"wp-block-paragraph\">Otro aspecto muy importante es la <strong>promoci\u00f3n<\/strong>. Puedes aprovechar para <strong>personalizar tu carpa y a\u00f1adirle los colores corporativos e incluso tu logo.<\/strong><\/p>\r\n\r\n\r\n\r\n<h2 class=\"wp-block-heading\"><strong>Qu\u00e9 debes tener en cuenta al elegir una carpa plegable para stands<\/strong><\/h2>\r\n\r\n\r\n\r\n<h3 class=\"wp-block-heading\"><strong>1. Tama\u00f1o y dimensiones<\/strong><\/h3>\r\n\r\n\r\n\r\n<p class=\"wp-block-paragraph\">El tama\u00f1o de la carpa es muy importante. Debes considerar el espacio disponible en la feria y el tipo de productos que vas a exhibir. Las medidas m\u00e1s comunes para carpas plegables son:<\/p>\r\n\r\n\r\n\r\n<ul class=\"wp-block-list\">\r\n<li><strong>2&#215;2 metros<\/strong>: Ideal para espacios reducidos y presentaciones simples.<\/li>\r\n<li><strong>3&#215;3 metros<\/strong>: La opci\u00f3n m\u00e1s popular, ofrece suficiente espacio para una mesa de exhibici\u00f3n y algunos productos.<\/li>\r\n<li><strong>4&#215;4 metros<\/strong> o m\u00e1s: Perfecto para stands grandes y m\u00faltiples productos.<\/li>\r\n<\/ul>\r\n\r\n\r\n\r\n<p class=\"has-text-align-center wp-block-paragraph\"><a href=\"https:\/\/viada.net\/carpas-plegables\/\"><strong>Ver todas las carpas Viada<\/strong><\/a><\/p>\r\n\r\n\r\n\r\n<p class=\"wp-block-paragraph\">Revisa qu\u00e9 espacio tienes contratado en el evento y a partir de esas medidas elige tu carpa.<\/p>\r\n\r\n\r\n<div class=\"wp-block-image\">\r\n<figure class=\"aligncenter is-resized\"><img decoding=\"async\" src=\"https:\/\/lh7-rt.googleusercontent.com\/docsz\/AD_4nXdZj1HqEXzNhYOK17VDkkMBxF_AGVk0kHyRXn9OLCtnRYZee9rqZ8pKGcq_BIiqX7CrUXr2g9nQKEtoiZH_JHN79ffM2CvT4IKT6L79KujyNhNnJ4fP0mZrNx-16t76KO4TzV391vT5hm98sItv_jL30B0q?key=E2vR_d8ev0BgrTHZ1PzUWg\" alt=\"\" width=\"501\" height=\"376\" \/><\/figure>\r\n<\/div>\r\n\r\n\r\n<p class=\"wp-block-paragraph\">&nbsp;<\/p>\r\n\r\n\r\n\r\n<h3 class=\"wp-block-heading\"><strong>2. Material y durabilidad<\/strong><\/h3>\r\n\r\n\r\n\r\n<p class=\"wp-block-paragraph\">Busca carpas fabricadas con materiales de <strong>alta calidad que sean resistentes al agua, al viento y a los rayos UV.<\/strong>\u00a0<\/p>\r\n\r\n\r\n\r\n<p class=\"wp-block-paragraph\">Las <strong>estructuras de aluminio o acero inoxidable<\/strong> son las m\u00e1s recomendables por su durabilidad y ligereza.<\/p>\r\n\r\n\r\n\r\n<p class=\"wp-block-paragraph\">Aunque tengas eventos en interiores o en recintos, es interesante que tu carpa est\u00e9 preparada para el exterior, nunca sabes donde acabar\u00e1s promocionando tu marca.<\/p>\r\n\r\n\r\n\r\n<div class=\"wp-block-columns is-layout-flex wp-container-core-columns-is-layout-8f761849 wp-block-columns-is-layout-flex\">\r\n<div class=\"wp-block-column is-layout-flow wp-block-column-is-layout-flow\"><div class=\"wp-block-image\">\r\n<figure class=\"aligncenter is-resized\"><img decoding=\"async\" src=\"https:\/\/lh7-rt.googleusercontent.com\/docsz\/AD_4nXedn9da6T0XS0dLITQu7ReUgWWFVRwSRzsDLUkBxP5GEGMg_YSih0h5w8zBcuIyIABGLr3wr-RKWL24veoGoQ0mqIJhTrc3Nd-2ZLiHMgrJxxw0MFNF2A9u_D-ZML_aaR6m4CZbcSIoWxQPwtJH0HVoWvk2?key=E2vR_d8ev0BgrTHZ1PzUWg\" alt=\"\" width=\"340\" height=\"340\" \/><\/figure>\r\n<\/div><\/div>\r\n\r\n\r\n\r\n<div class=\"wp-block-column is-layout-flow wp-block-column-is-layout-flow\"><div class=\"wp-block-image\">\r\n<figure class=\"aligncenter is-resized\"><img decoding=\"async\" src=\"https:\/\/lh7-rt.googleusercontent.com\/docsz\/AD_4nXefmAXy3tPn1uSOpD89KUHAAOudpfv6riqhK1Z9RRprcWEBnwjwxpRYB7HImtcSuB2g8f1oVPu9vaV5vALHEIr3sPM3oS5_pBNx527JMj1TYc22wwej74vCxFxQfOXTzRc1QDDE31LuKPI4nM2fWYw2gyh7?key=E2vR_d8ev0BgrTHZ1PzUWg\" alt=\"\" width=\"343\" height=\"343\" \/><\/figure>\r\n<\/div><\/div>\r\n<\/div>\r\n\r\n\r\n\r\n<p class=\"wp-block-paragraph\">&nbsp;<\/p>\r\n\r\n\r\n\r\n<h3 class=\"wp-block-heading\"><strong>3. Facilidad de montaje<\/strong><\/h3>\r\n\r\n\r\n\r\n<p class=\"wp-block-paragraph\">Elige una carpa que puedas<strong> montar y desmontar f\u00e1cilmente sin necesidad de herramientas especiales.<\/strong>\u00a0<\/p>\r\n\r\n\r\n\r\n<p class=\"wp-block-paragraph\">Muchas carpas plegables vienen con sistemas de montaje r\u00e1pido que te permiten tener tu stand listo en cuesti\u00f3n de minutos.<\/p>\r\n\r\n\r\n\r\n<h3 class=\"wp-block-heading\"><strong>4. Personalizaci\u00f3n<\/strong><\/h3>\r\n\r\n\r\n\r\n<p class=\"wp-block-paragraph\">Una<strong> carpa personalizada con tu logo y colores corporativos<\/strong> puede hacer una gran diferencia en la percepci\u00f3n de tu marca.\u00a0<\/p>\r\n\r\n\r\n\r\n<p class=\"wp-block-paragraph\"><strong>Las <\/strong><a href=\"https:\/\/viada.net\/carpas-plegables\/\"><strong>carpas Viada<\/strong><\/a><strong> ofrecen servicios de impresi\u00f3n y personalizaci\u00f3n<\/strong>, permiti\u00e9ndote destacar entre la multitud y atraer m\u00e1s visitantes a tu stand.<\/p>\r\n\r\n\r\n\r\n<p class=\"has-text-align-center wp-block-paragraph\"><a href=\"https:\/\/viada.net\/carpas-plegables\/\"><strong>Ver todas las carpas plegables Viada<\/strong><\/a><\/p>\r\n\r\n\r\n\r\n<div class=\"wp-block-columns is-layout-flex wp-container-core-columns-is-layout-8f761849 wp-block-columns-is-layout-flex\">\r\n<div class=\"wp-block-column is-layout-flow wp-block-column-is-layout-flow\"><div class=\"wp-block-image\">\r\n<figure class=\"aligncenter is-resized\"><img decoding=\"async\" src=\"https:\/\/lh7-rt.googleusercontent.com\/docsz\/AD_4nXeYftQHYjRunxHLwWlsYIzNY7l16xuiBIlEXVhclKHqE5808YuqawQdIjg_FtsB59D4pLNijjmrnSKVFSOYMUj4hDBttvXJbMIGAQ8Ak3JxmJ-H9TWQPWz-D22rCQ67_CNu1c3J-fYrvwMs6DcFuk2uA_E?key=E2vR_d8ev0BgrTHZ1PzUWg\" alt=\"\" width=\"356\" height=\"356\" \/><\/figure>\r\n<\/div><\/div>\r\n\r\n\r\n\r\n<div class=\"wp-block-column is-layout-flow wp-block-column-is-layout-flow\"><div class=\"wp-block-image\">\r\n<figure class=\"aligncenter is-resized\"><img decoding=\"async\" src=\"https:\/\/lh7-rt.googleusercontent.com\/docsz\/AD_4nXeePLWbYDC4CdT5GGn4YUhc3LEU71_GnLblqjCRMqkR2ImIX7cTAftX89sknfyZWX-i9ziIsWoTViiGJIYsOVpkuEDtKb0_wjvzaRXQFByXYb_9o9VORld26y6pzstfkaE2W9K5fsIIp5o2rcoevHwjTbKw?key=E2vR_d8ev0BgrTHZ1PzUWg\" alt=\"\" width=\"358\" height=\"358\" \/><\/figure>\r\n<\/div><\/div>\r\n<\/div>\r\n\r\n\r\n\r\n<p class=\"wp-block-paragraph\">&nbsp;<\/p>\r\n\r\n\r\n\r\n<h2 class=\"wp-block-heading\"><strong>Consejos para aprovechar tu carpa\u00a0<\/strong><\/h2>\r\n\r\n\r\n\r\n<ol class=\"wp-block-list\">\r\n<li><strong>Organiza tu espacio<\/strong>: Coloca una mesa de exhibici\u00f3n en la parte frontal y utiliza estantes o soportes en los laterales para aprovechar al m\u00e1ximo el espacio vertical.<\/li>\r\n<li><strong>Iluminaci\u00f3n adecuada<\/strong>: Usa luces LED port\u00e1tiles para iluminar tu stand y resaltar tus productos, especialmente si el evento se extiende hasta la noche.<\/li>\r\n<li><strong>Decoraci\u00f3n<\/strong>: A\u00f1ade elementos decorativos como banderas, carteles o plantas para crear un ambiente acogedor y atractivo.<\/li>\r\n<li><strong>Accesorios pr\u00e1cticos<\/strong>: Considera a\u00f1adir cortinas laterales o mosquiteras si el evento es al aire libre, para ofrecer mayor comodidad a tus visitantes.<\/li>\r\n<\/ol>\r\n\r\n\r\n<div class=\"wp-block-image\">\r\n<figure class=\"aligncenter\"><img decoding=\"async\" src=\"https:\/\/lh7-rt.googleusercontent.com\/docsz\/AD_4nXc3ki_NaqUihhpYYefysdSgfUjRbmrS2piU4ojn4jo-tSBBjQJ8zUaK1HkXsMBUpNaW88ZzMmWjuOMwGSQEq8n68gKHCpCjC9i3WCxpCInvNUqRDuxwBYb-n5ISivUn06gzIN-0aquL6HMIAcgW5ruQE0A?key=E2vR_d8ev0BgrTHZ1PzUWg\" alt=\"\" \/><\/figure>\r\n<\/div>\r\n\r\n\r\n<p class=\"wp-block-paragraph\">&nbsp;<\/p>\r\n\r\n\r\n\r\n<h2 class=\"wp-block-heading\"><strong>Otros elementos para tu stand<\/strong><\/h2>\r\n\r\n\r\n\r\n<p class=\"wp-block-paragraph\">Para complementar tu carpa plegable, en Viada te ofrecemos una <strong>excelente selecci\u00f3n de mesas y sillas plegables <\/strong>que te ayudar\u00e1n a crear un stand completo y funcional.\u00a0<\/p>\r\n\r\n\r\n\r\n<p class=\"wp-block-paragraph\">Nuestras mesas y sillas son<strong> ligeras, f\u00e1ciles de transportar y resistentes, <\/strong>ideales para cualquier evento.<\/p>\r\n\r\n\r\n\r\n<p class=\"wp-block-paragraph\"><strong>Casos de \u00e9xito<\/strong><\/p>\r\n\r\n\r\n\r\n<p class=\"wp-block-paragraph\">A continuaci\u00f3n, te hacemos un listado de clientes y distintos eventos donde se han utilizado las carpas plegables Viada:<\/p>\r\n\r\n\r\n\r\n<ul class=\"wp-block-list\">\r\n<li>Feria Medieval de Vic, Cardona o N\u00faremberg<\/li>\r\n<li>Stands de Sant Jordi en toda Catalu\u00f1a<\/li>\r\n<li>Stands para meetings pol\u00edticos<\/li>\r\n<li>Eventos empresariales en la Feria de Barcelona<\/li>\r\n<\/ul>\r\n\r\n\r\n\r\n<div class=\"wp-block-columns is-layout-flex wp-container-core-columns-is-layout-8f761849 wp-block-columns-is-layout-flex\">\r\n<div class=\"wp-block-column is-layout-flow wp-block-column-is-layout-flow\"><div class=\"wp-block-image\">\r\n<figure class=\"aligncenter\"><img decoding=\"async\" src=\"https:\/\/lh7-rt.googleusercontent.com\/docsz\/AD_4nXdkqXr5dvcpCOund8PPpydBNTSEZw7scdaMkCRGFvQ9S9TPZ8mmJ-4d46RUChaGOaoFgARd6PJXjFcSeq0Lb-20YVz2nECoZTNKx1KVcyNe-rca34irOTRyXTkSpHUN9POWGqOiCPcr47Sv2-JUgwi7JYpn?key=E2vR_d8ev0BgrTHZ1PzUWg\" alt=\"\" \/><\/figure>\r\n<\/div><\/div>\r\n\r\n\r\n\r\n<div class=\"wp-block-column is-layout-flow wp-block-column-is-layout-flow\"><div class=\"wp-block-image\">\r\n<figure class=\"aligncenter\"><img decoding=\"async\" src=\"https:\/\/lh7-rt.googleusercontent.com\/docsz\/AD_4nXcntUO5WLduqB_UEjK-suxaEDstMWFa4JZ2IfBhrxaiqw6RHm4j52HGO8GK-QAU2uEpZ1NkbSclpycX6WUsuvKgT4h8HHvCD3FpAgWyhuWndxRQL6Xye5PHHY2xnN004xoCDUNdf9B66G7a76NcOOYb1bgb?key=E2vR_d8ev0BgrTHZ1PzUWg\" alt=\"\" \/><\/figure>\r\n<\/div><\/div>\r\n<\/div>\r\n\r\n\r\n\r\n<p class=\"wp-block-paragraph\">&nbsp;<\/p>\r\n\r\n\r\n\r\n<h3 class=\"wp-block-heading\"><strong>Conclusi\u00f3n<\/strong><\/h3>\r\n\r\n\r\n\r\n<p class=\"wp-block-paragraph\">Elegir la carpa plegable adecuada para tu stand en eventos es fundamental para asegurar el \u00e9xito de tu participaci\u00f3n.\u00a0<\/p>\r\n\r\n\r\n\r\n<p class=\"wp-block-paragraph\">Ten en cuenta el<strong> tama\u00f1o, material, facilidad de montaje y la posibilidad de personalizaci\u00f3n al tomar tu decisi\u00f3n.<\/strong>\u00a0<\/p>\r\n\r\n\r\n\r\n<p class=\"wp-block-paragraph\">\u00a1Prep\u00e1rate para destacar en tu pr\u00f3ximo evento con nuestras carpas plegables y accesorios!<\/p>\r\n","protected":false},"excerpt":{"rendered":"<p>Cuando te preparas para participar en una feria o evento, uno de los elementos m\u00e1s importantes es el stand. Las carpas plegables son una opci\u00f3n excelente para montar un stand atractivo y funcional.\u00a0 En este art\u00edculo, te contamos todo lo que necesitas saber para elegir la carpa plegable perfecta y sacarle el m\u00e1ximo provecho. \u00a1Empezamos! [&hellip;]<\/p>\n","protected":false},"author":1,"featured_media":4457,"comment_status":"closed","ping_status":"closed","sticky":false,"template":"","format":"standard","meta":{"footnotes":""},"categories":[72],"tags":[],"class_list":["post-4445","post","type-post","status-publish","format-standard","has-post-thumbnail","hentry","category-usos-y-aplicaciones"],"yoast_head":"<!-- This site is optimized with the Yoast SEO plugin v26.1.1 - https:\/\/yoast.com\/wordpress\/plugins\/seo\/ -->\n<title>Carpas Plegables para Stand en Ferias y Eventos - Blog Viada<\/title>\n<meta name=\"description\" content=\"Carpas plegables y personalizables para stands de ferias y eventos para empresas. Medidas e impresi\u00f3n personalizada baratas. Env\u00edos a toda Espa\u00f1a\" \/>\n<meta name=\"robots\" content=\"index, follow, max-snippet:-1, max-image-preview:large, max-video-preview:-1\" \/>\n<link rel=\"canonical\" href=\"https:\/\/viada.net\/blog\/carpas-plegables-stand-ferias\/\" \/>\n<meta property=\"og:locale\" content=\"es_ES\" \/>\n<meta property=\"og:type\" content=\"article\" \/>\n<meta property=\"og:title\" content=\"Carpas Plegables para Stand en Ferias y Eventos - Blog Viada\" \/>\n<meta property=\"og:description\" content=\"Carpas plegables y personalizables para stands de ferias y eventos para empresas. Medidas e impresi\u00f3n personalizada baratas. Env\u00edos a toda Espa\u00f1a\" \/>\n<meta property=\"og:url\" content=\"https:\/\/viada.net\/blog\/carpas-plegables-stand-ferias\/\" \/>\n<meta property=\"og:site_name\" content=\"Blog Viada\" \/>\n<meta property=\"article:published_time\" content=\"2024-08-14T06:58:37+00:00\" \/>\n<meta property=\"article:modified_time\" content=\"2026-03-10T13:32:12+00:00\" \/>\n<meta property=\"og:image\" content=\"https:\/\/viada.net\/blog\/wp-content\/uploads\/2024\/09\/carpa-evento-deporte.jpg\" \/>\n\t<meta property=\"og:image:width\" content=\"500\" \/>\n\t<meta property=\"og:image:height\" content=\"300\" \/>\n\t<meta property=\"og:image:type\" content=\"image\/jpeg\" \/>\n<meta name=\"author\" content=\"WMS\" \/>\n<meta name=\"twitter:card\" content=\"summary_large_image\" \/>\n<meta name=\"twitter:label1\" content=\"Escrito por\" \/>\n\t<meta name=\"twitter:data1\" content=\"WMS\" \/>\n\t<meta name=\"twitter:label2\" content=\"Tiempo de lectura\" \/>\n\t<meta name=\"twitter:data2\" content=\"5 minutos\" \/>\n<script type=\"application\/ld+json\" class=\"yoast-schema-graph\">{\"@context\":\"https:\/\/schema.org\",\"@graph\":[{\"@type\":\"Article\",\"@id\":\"https:\/\/viada.net\/blog\/carpas-plegables-stand-ferias\/#article\",\"isPartOf\":{\"@id\":\"https:\/\/viada.net\/blog\/carpas-plegables-stand-ferias\/\"},\"author\":{\"name\":\"WMS\",\"@id\":\"https:\/\/viada.net\/blog\/#\/schema\/person\/0a367abb0890a4d711ba78fdad48f365\"},\"headline\":\"Carpas Plegables para Stand en Ferias y Eventos\",\"datePublished\":\"2024-08-14T06:58:37+00:00\",\"dateModified\":\"2026-03-10T13:32:12+00:00\",\"mainEntityOfPage\":{\"@id\":\"https:\/\/viada.net\/blog\/carpas-plegables-stand-ferias\/\"},\"wordCount\":694,\"publisher\":{\"@id\":\"https:\/\/viada.net\/blog\/#organization\"},\"image\":{\"@id\":\"https:\/\/viada.net\/blog\/carpas-plegables-stand-ferias\/#primaryimage\"},\"thumbnailUrl\":\"https:\/\/viada.net\/blog\/wp-content\/uploads\/2024\/09\/carpa-evento-deporte.jpg\",\"articleSection\":[\"Usos y aplicaciones\"],\"inLanguage\":\"es\"},{\"@type\":\"WebPage\",\"@id\":\"https:\/\/viada.net\/blog\/carpas-plegables-stand-ferias\/\",\"url\":\"https:\/\/viada.net\/blog\/carpas-plegables-stand-ferias\/\",\"name\":\"Carpas Plegables para Stand en Ferias y Eventos - Blog Viada\",\"isPartOf\":{\"@id\":\"https:\/\/viada.net\/blog\/#website\"},\"primaryImageOfPage\":{\"@id\":\"https:\/\/viada.net\/blog\/carpas-plegables-stand-ferias\/#primaryimage\"},\"image\":{\"@id\":\"https:\/\/viada.net\/blog\/carpas-plegables-stand-ferias\/#primaryimage\"},\"thumbnailUrl\":\"https:\/\/viada.net\/blog\/wp-content\/uploads\/2024\/09\/carpa-evento-deporte.jpg\",\"datePublished\":\"2024-08-14T06:58:37+00:00\",\"dateModified\":\"2026-03-10T13:32:12+00:00\",\"description\":\"Carpas plegables y personalizables para stands de ferias y eventos para empresas. Medidas e impresi\u00f3n personalizada baratas. Env\u00edos a toda Espa\u00f1a\",\"breadcrumb\":{\"@id\":\"https:\/\/viada.net\/blog\/carpas-plegables-stand-ferias\/#breadcrumb\"},\"inLanguage\":\"es\",\"potentialAction\":[{\"@type\":\"ReadAction\",\"target\":[\"https:\/\/viada.net\/blog\/carpas-plegables-stand-ferias\/\"]}]},{\"@type\":\"ImageObject\",\"inLanguage\":\"es\",\"@id\":\"https:\/\/viada.net\/blog\/carpas-plegables-stand-ferias\/#primaryimage\",\"url\":\"https:\/\/viada.net\/blog\/wp-content\/uploads\/2024\/09\/carpa-evento-deporte.jpg\",\"contentUrl\":\"https:\/\/viada.net\/blog\/wp-content\/uploads\/2024\/09\/carpa-evento-deporte.jpg\",\"width\":500,\"height\":300,\"caption\":\"carpa evento deporte\"},{\"@type\":\"BreadcrumbList\",\"@id\":\"https:\/\/viada.net\/blog\/carpas-plegables-stand-ferias\/#breadcrumb\",\"itemListElement\":[{\"@type\":\"ListItem\",\"position\":1,\"name\":\"Portada\",\"item\":\"https:\/\/viada.net\/blog\/\"},{\"@type\":\"ListItem\",\"position\":2,\"name\":\"Carpas Plegables para Stand en Ferias y Eventos\"}]},{\"@type\":\"WebSite\",\"@id\":\"https:\/\/viada.net\/blog\/#website\",\"url\":\"https:\/\/viada.net\/blog\/\",\"name\":\"Blog Viada\",\"description\":\"\",\"publisher\":{\"@id\":\"https:\/\/viada.net\/blog\/#organization\"},\"potentialAction\":[{\"@type\":\"SearchAction\",\"target\":{\"@type\":\"EntryPoint\",\"urlTemplate\":\"https:\/\/viada.net\/blog\/?s={search_term_string}\"},\"query-input\":{\"@type\":\"PropertyValueSpecification\",\"valueRequired\":true,\"valueName\":\"search_term_string\"}}],\"inLanguage\":\"es\"},{\"@type\":\"Organization\",\"@id\":\"https:\/\/viada.net\/blog\/#organization\",\"name\":\"Blog Viada\",\"url\":\"https:\/\/viada.net\/blog\/\",\"logo\":{\"@type\":\"ImageObject\",\"inLanguage\":\"es\",\"@id\":\"https:\/\/viada.net\/blog\/#\/schema\/logo\/image\/\",\"url\":\"https:\/\/viada.net\/blog\/wp-content\/uploads\/2018\/02\/logo.png\",\"contentUrl\":\"https:\/\/viada.net\/blog\/wp-content\/uploads\/2018\/02\/logo.png\",\"width\":114,\"height\":32,\"caption\":\"Blog Viada\"},\"image\":{\"@id\":\"https:\/\/viada.net\/blog\/#\/schema\/logo\/image\/\"}},{\"@type\":\"Person\",\"@id\":\"https:\/\/viada.net\/blog\/#\/schema\/person\/0a367abb0890a4d711ba78fdad48f365\",\"name\":\"WMS\",\"sameAs\":[\"https:\/\/viada.net\/blog\"],\"url\":\"https:\/\/viada.net\/blog\/author\/wms\/\"}]}<\/script>\n<!-- \/ Yoast SEO plugin. -->","yoast_head_json":{"title":"Carpas Plegables para Stand en Ferias y Eventos - Blog Viada","description":"Carpas plegables y personalizables para stands de ferias y eventos para empresas. Medidas e impresi\u00f3n personalizada baratas. Env\u00edos a toda Espa\u00f1a","robots":{"index":"index","follow":"follow","max-snippet":"max-snippet:-1","max-image-preview":"max-image-preview:large","max-video-preview":"max-video-preview:-1"},"canonical":"https:\/\/viada.net\/blog\/carpas-plegables-stand-ferias\/","og_locale":"es_ES","og_type":"article","og_title":"Carpas Plegables para Stand en Ferias y Eventos - Blog Viada","og_description":"Carpas plegables y personalizables para stands de ferias y eventos para empresas. Medidas e impresi\u00f3n personalizada baratas. Env\u00edos a toda Espa\u00f1a","og_url":"https:\/\/viada.net\/blog\/carpas-plegables-stand-ferias\/","og_site_name":"Blog Viada","article_published_time":"2024-08-14T06:58:37+00:00","article_modified_time":"2026-03-10T13:32:12+00:00","og_image":[{"width":500,"height":300,"url":"https:\/\/viada.net\/blog\/wp-content\/uploads\/2024\/09\/carpa-evento-deporte.jpg","type":"image\/jpeg"}],"author":"WMS","twitter_card":"summary_large_image","twitter_misc":{"Escrito por":"WMS","Tiempo de lectura":"5 minutos"},"schema":{"@context":"https:\/\/schema.org","@graph":[{"@type":"Article","@id":"https:\/\/viada.net\/blog\/carpas-plegables-stand-ferias\/#article","isPartOf":{"@id":"https:\/\/viada.net\/blog\/carpas-plegables-stand-ferias\/"},"author":{"name":"WMS","@id":"https:\/\/viada.net\/blog\/#\/schema\/person\/0a367abb0890a4d711ba78fdad48f365"},"headline":"Carpas Plegables para Stand en Ferias y Eventos","datePublished":"2024-08-14T06:58:37+00:00","dateModified":"2026-03-10T13:32:12+00:00","mainEntityOfPage":{"@id":"https:\/\/viada.net\/blog\/carpas-plegables-stand-ferias\/"},"wordCount":694,"publisher":{"@id":"https:\/\/viada.net\/blog\/#organization"},"image":{"@id":"https:\/\/viada.net\/blog\/carpas-plegables-stand-ferias\/#primaryimage"},"thumbnailUrl":"https:\/\/viada.net\/blog\/wp-content\/uploads\/2024\/09\/carpa-evento-deporte.jpg","articleSection":["Usos y aplicaciones"],"inLanguage":"es"},{"@type":"WebPage","@id":"https:\/\/viada.net\/blog\/carpas-plegables-stand-ferias\/","url":"https:\/\/viada.net\/blog\/carpas-plegables-stand-ferias\/","name":"Carpas Plegables para Stand en Ferias y Eventos - Blog Viada","isPartOf":{"@id":"https:\/\/viada.net\/blog\/#website"},"primaryImageOfPage":{"@id":"https:\/\/viada.net\/blog\/carpas-plegables-stand-ferias\/#primaryimage"},"image":{"@id":"https:\/\/viada.net\/blog\/carpas-plegables-stand-ferias\/#primaryimage"},"thumbnailUrl":"https:\/\/viada.net\/blog\/wp-content\/uploads\/2024\/09\/carpa-evento-deporte.jpg","datePublished":"2024-08-14T06:58:37+00:00","dateModified":"2026-03-10T13:32:12+00:00","description":"Carpas plegables y personalizables para stands de ferias y eventos para empresas. Medidas e impresi\u00f3n personalizada baratas. Env\u00edos a toda Espa\u00f1a","breadcrumb":{"@id":"https:\/\/viada.net\/blog\/carpas-plegables-stand-ferias\/#breadcrumb"},"inLanguage":"es","potentialAction":[{"@type":"ReadAction","target":["https:\/\/viada.net\/blog\/carpas-plegables-stand-ferias\/"]}]},{"@type":"ImageObject","inLanguage":"es","@id":"https:\/\/viada.net\/blog\/carpas-plegables-stand-ferias\/#primaryimage","url":"https:\/\/viada.net\/blog\/wp-content\/uploads\/2024\/09\/carpa-evento-deporte.jpg","contentUrl":"https:\/\/viada.net\/blog\/wp-content\/uploads\/2024\/09\/carpa-evento-deporte.jpg","width":500,"height":300,"caption":"carpa evento deporte"},{"@type":"BreadcrumbList","@id":"https:\/\/viada.net\/blog\/carpas-plegables-stand-ferias\/#breadcrumb","itemListElement":[{"@type":"ListItem","position":1,"name":"Portada","item":"https:\/\/viada.net\/blog\/"},{"@type":"ListItem","position":2,"name":"Carpas Plegables para Stand en Ferias y Eventos"}]},{"@type":"WebSite","@id":"https:\/\/viada.net\/blog\/#website","url":"https:\/\/viada.net\/blog\/","name":"Blog Viada","description":"","publisher":{"@id":"https:\/\/viada.net\/blog\/#organization"},"potentialAction":[{"@type":"SearchAction","target":{"@type":"EntryPoint","urlTemplate":"https:\/\/viada.net\/blog\/?s={search_term_string}"},"query-input":{"@type":"PropertyValueSpecification","valueRequired":true,"valueName":"search_term_string"}}],"inLanguage":"es"},{"@type":"Organization","@id":"https:\/\/viada.net\/blog\/#organization","name":"Blog Viada","url":"https:\/\/viada.net\/blog\/","logo":{"@type":"ImageObject","inLanguage":"es","@id":"https:\/\/viada.net\/blog\/#\/schema\/logo\/image\/","url":"https:\/\/viada.net\/blog\/wp-content\/uploads\/2018\/02\/logo.png","contentUrl":"https:\/\/viada.net\/blog\/wp-content\/uploads\/2018\/02\/logo.png","width":114,"height":32,"caption":"Blog Viada"},"image":{"@id":"https:\/\/viada.net\/blog\/#\/schema\/logo\/image\/"}},{"@type":"Person","@id":"https:\/\/viada.net\/blog\/#\/schema\/person\/0a367abb0890a4d711ba78fdad48f365","name":"WMS","sameAs":["https:\/\/viada.net\/blog"],"url":"https:\/\/viada.net\/blog\/author\/wms\/"}]}},"_links":{"self":[{"href":"https:\/\/viada.net\/blog\/wp-json\/wp\/v2\/posts\/4445","targetHints":{"allow":["GET"]}}],"collection":[{"href":"https:\/\/viada.net\/blog\/wp-json\/wp\/v2\/posts"}],"about":[{"href":"https:\/\/viada.net\/blog\/wp-json\/wp\/v2\/types\/post"}],"author":[{"embeddable":true,"href":"https:\/\/viada.net\/blog\/wp-json\/wp\/v2\/users\/1"}],"replies":[{"embeddable":true,"href":"https:\/\/viada.net\/blog\/wp-json\/wp\/v2\/comments?post=4445"}],"version-history":[{"count":4,"href":"https:\/\/viada.net\/blog\/wp-json\/wp\/v2\/posts\/4445\/revisions"}],"predecessor-version":[{"id":4689,"href":"https:\/\/viada.net\/blog\/wp-json\/wp\/v2\/posts\/4445\/revisions\/4689"}],"wp:featuredmedia":[{"embeddable":true,"href":"https:\/\/viada.net\/blog\/wp-json\/wp\/v2\/media\/4457"}],"wp:attachment":[{"href":"https:\/\/viada.net\/blog\/wp-json\/wp\/v2\/media?parent=4445"}],"wp:term":[{"taxonomy":"category","embeddable":true,"href":"https:\/\/viada.net\/blog\/wp-json\/wp\/v2\/categories?post=4445"},{"taxonomy":"post_tag","embeddable":true,"href":"https:\/\/viada.net\/blog\/wp-json\/wp\/v2\/tags?post=4445"}],"curies":[{"name":"wp","href":"https:\/\/api.w.org\/{rel}","templated":true}]}}