{"id":3718,"date":"2019-08-19T14:00:15","date_gmt":"2019-08-19T12:00:15","guid":{"rendered":"https:\/\/viada.net\/blog\/?p=3718"},"modified":"2026-03-10T14:33:17","modified_gmt":"2026-03-10T13:33:17","slug":"silla-madera-blanca","status":"publish","type":"post","link":"https:\/\/viada.net\/blog\/silla-madera-blanca\/","title":{"rendered":"Silla Madera Blanca"},"content":{"rendered":"\r\n<div class=\"uk-grid uk-grid-collapse contentPartPost\">\r\n<div class=\"uk-width-1-1 uk-width-medium-1-1 contentTextPost\">\r\n<p><span style=\"font-size: 16px;\">\u00bfQuieres conquistar a tus invitados con un ambiente acogedor y original? Viada te ofrece la posibilidad de conseguirlo con nuestra <\/span><strong style=\"font-size: 16px;\">silla madera blanca<\/strong><span style=\"font-size: 16px;\">. Combina a la perfecci\u00f3n con colores neutros y mueblas sencillos de toda la vida. En el caso de que est\u00e9s pensado renovar las sillas de la concina, del comedor o incluso de tu terraza, con Viada puedes apostar por la <\/span><strong style=\"font-size: 16px;\">silla madera blanca<\/strong><span style=\"font-size: 16px;\">.<\/span><\/p>\r\n<\/div>\r\n<\/div>\r\n<div class=\"uk-grid uk-grid-collapse contentPartPost\">\r\n<div class=\"uk-width-1-1 uk-width-medium-1-1 contentTextPost\">\r\n<p class=\"teaser\">Si a tu hogar le falta algo, no lo dudes y escoge una de nuestras sillas de madera blanca. Para tu casa te recomendamos la <a href=\"https:\/\/viada.net\/sillas-plegables\/silla-de-madera-de-haya\">Silla Semi Pro<\/a>. Puedes colocarla tanto en interior como exterior. Fabricada en <b>madera de haya<\/b>, es ideal para el <b>jard\u00edn<\/b>, el <b>comedor<\/b> o la <b>cocina<\/b>. Adem\u00e1s, este modelo, ofrece una gran <b>cantidad de colores<\/b> para elegir y hacer de tu hogar un lugar m\u00e1s c\u00e1lido y llamativo.<\/p>\r\n<\/div>\r\n<\/div>\r\n\r\n\r\n<hr class=\"wp-block-separator has-css-opacity\" \/>\r\n\r\n\r\n<div class=\"uk-grid uk-grid-collapse contentPartPost\">\r\n<div class=\"uk-width-1-1 uk-width-medium-1-1 contentTextPost\">\r\n<h2>La <strong>Silla Madera Blanca<\/strong>: la mejor opci\u00f3n para dar un toque acogedor<\/h2>\r\n<p style=\"text-align: justify;\">El color blanco nunca pasa de moda, igual que la madera. Este tipo de sillas como es la <strong>sillas Madera Blanca<\/strong>, le dar\u00e1 luminosidad y car\u00e1cter a todos tus espacios que quieras renovar. Al ser el blanco un color neutro, vas a poder hacer una gran cantidad de combinaciones son otras sillas que tengas. La <strong>silla madera blanca<\/strong> funcionar\u00e1 con <b>todos los estilos, desde el m\u00e1s cl\u00e1sico hasta el m\u00e1s moderno<\/b>. Como decimos antes, el blanco nunca pasa de moda. Conf\u00eda en Viada y d\u00e9jate aconsejar por nuestros profesionales para escoger tus sillas a un precio incre\u00edble.<\/p>\r\n<\/div>\r\n<\/div>\r\n\r\n\r\n<hr class=\"wp-block-separator has-css-opacity\" \/>\r\n\r\n\r\n<div class=\"uk-grid uk-grid-collapse contentPartPost\">\r\n<div class=\"uk-width-1-1 uk-width-medium-1-2 contentTextPost\">\r\n<h3 style=\"text-align: center !important;\"><strong>Silla Madera Blanca<\/strong>. Pasi\u00f3n por el Blanco<\/h3>\r\n<p style=\"text-align: justify !important;\">Cualquiera que sepa de moda sabe que un look totalmente blanco, va a ser el n\u00famero uno en todo. Ya sea en verano o en invierno la <b>silla de madera blanca<\/b> ser\u00e1 un acierto seguro. Y con Viada a\u00fan m\u00e1s. Todas nuestras <b>sillas de madera son completamente resistentes<\/b>. El color blanco es el m\u00e1s usado sobretodo en bodas. La <strong>silla madera blanca<\/strong> en una boda ya sea en la ceremonia o en el banquete, <b>aportar\u00e1 frescor, luminosidad, paz y serenidad<\/b> a un d\u00eda tan especial como ese. Tambi\u00e9n puedes verlo en comuniones, bautizos, entre otros tipos de eventos y celebraciones.<\/p>\r\n<\/div>\r\n<div class=\"uk-width-1-1 uk-width-medium-1-2 contentTextPost\">\r\n<h3 style=\"text-align: center !important;\">Un rinc\u00f3n de encanto con la <strong>Silla Madera Blanca<\/strong><\/h3>\r\n<p style=\"text-align: justify !important;\">\u00bfTienes un rinc\u00f3n de tu casa que no sabes qu\u00e9 poner? Coloca una <strong>silla madera blanca<\/strong> de Viada con otro tipo de mobiliario que combine y dale un toque minimalista y porque no, un toque zen. <b>La madera es uno de los materiales naturales<\/b> m\u00e1s preciados, destacados y resistentes. Es un elemento que <b>aporta elegancia y mucha calidez<\/b> a todos los espacios y rincones. Por eso en muchos de los estilos se usa la madera.<\/p>\r\n<\/div>\r\n<\/div>\r\n\r\n\r\n<hr class=\"wp-block-separator has-css-opacity\" \/>\r\n\r\n\r\n<div class=\"uk-grid uk-grid-collapse contentPartPost\">\r\n<div class=\"uk-width-1-1 uk-width-medium-1-1 contentTextPost\">\r\n<h3 style=\"text-align: center !important;\">Combina tu Silla de Madera Blanca<\/h3>\r\n<\/div>\r\n<\/div>\r\n\r\n\r\n\r\n<div align=\"center\"><hr style=\"width: 50%;\" \/><\/div>\r\n\r\n\r\n\r\n<div class=\"uk-grid uk-grid-collapse contentPartPost\">\r\n<div class=\"uk-width-1-1 uk-width-medium-1-2 contentTextPost\">\r\n<h4 style=\"font-size: 20px;\">Sillas de Madera a todo color<\/h4>\r\n<p>Solemos ver siempre sillas de madera muy comunes de color marr\u00f3n claro u oscuro. En Viada te ofreceremos un toque de color con nuestras sillas de colores. Este tipo de sillas de madera, como dec\u00edamos, las recomendamos para el hogar tanto interior o exterior. Dale vida a tu hogar con nuestros colores. Adem\u00e1s, las puedes plegar cundo ya no las necesites y no ocupan nada de espacio.<\/p>\r\n<\/div>\r\n<div class=\"uk-width-1-1 uk-width-medium-1-2 contentImgPost\"><a href=\"https:\/\/viada.net\/sillas-plegables\/silla-de-madera-de-haya\"><img decoding=\"async\" title=\"sillas madera de colores\" src=\"https:\/\/static.viada.net\/blog\/images\/img\/sillasDeMaderadeColores.jpg\" alt=\"sillas madera de colores\" \/><\/a><\/div>\r\n<\/div>\r\n\r\n\r\n\r\n<div align=\"center\"><hr style=\"width: 50%;\" \/><\/div>\r\n\r\n\r\n\r\n<div class=\"uk-grid uk-grid-collapse contentPartPost\">\r\n<div class=\"uk-width-1-1 uk-width-medium-1-2 contentImgPost\">\u00a0<\/div>\r\n<div class=\"uk-width-1-1 uk-width-medium-1-2 contentTextPost\">\r\n<h4 style=\"font-size: 20px;\">Mesa de Madera Cuadrada<\/h4>\r\n<p>Esta mesa de madera, puede ser utilizada tanto en interior como exterior. Tambi\u00e9n como mesa auxiliar para la cocina o comedor. Est\u00e1 fabricada de madera de Haya y con un acabado barnizado de color natural y estructura de madera. Disponemos de medidas de: 70x50cm, 70x70cm y una altura de 74cm.<\/p>\r\n<\/div>\r\n<\/div>\r\n\r\n\r\n<hr class=\"wp-block-separator has-css-opacity\" \/>\r\n\r\n\r\n<div class=\"uk-grid uk-grid-collapse contentPartPost\">\r\n<div class=\"uk-width-1-1 uk-width-medium-1-4 contentImgPost\">\r\n<h3 class=\"tituloImgPost\" style=\"text-align: center !important;\">Mesas Plegables<\/h3>\r\n<a href=\"https:\/\/viada.net\/mesas-plegables\/\"><img decoding=\"async\" title=\"Mesas Plegables\" src=\"https:\/\/viada.net\/blog\/images\/img\/mesasPlegables2.jpg\" alt=\"Mesas Plegables\" \/><\/a><\/div>\r\n<div class=\"uk-width-1-1 uk-width-medium-2-4 contentTextPost\">\r\n<h3>Productos de Inter\u00e9s<\/h3>\r\n<p>En esta secci\u00f3n te ofrecemos varios productos o temas que pueden ser de tu inter\u00e9s y as\u00ed facilitarte tu b\u00fasqueda.<\/p>\r\n<h3>Contacta con Viada<\/h3>\r\n<p>Si estas interesado en nuestras Sillas de Madera Blancas o Sillas de Madera en general u otros productos y quieres recibir m\u00e1s informaci\u00f3n sobre nuestros productos y ofertas. No lo dudes y contacta con nosotros sin ning\u00fan compromiso. Nuestro equipo estar\u00e1 siempre disponible para atenderte.<\/p>\r\n<\/div>\r\n<div class=\"uk-width-1-1 uk-width-medium-1-4 contentImgPost\">\r\n<h3 class=\"tituloImgPost\" style=\"text-align: center !important;\">Sillas Plegables<\/h3>\r\n<a href=\"https:\/\/viada.net\/sillas-plegables\/\"><img decoding=\"async\" title=\"Sillas Plegables\" src=\"https:\/\/viada.net\/blog\/images\/img\/sillasPlegables3.jpg\" alt=\"Sillas Plegables\" \/><\/a><\/div>\r\n<\/div>\r\n","protected":false},"excerpt":{"rendered":"<p>\u00bfQuieres conquistar a tus invitados con un ambiente acogedor y original? Viada te ofrece la posibilidad de conseguirlo con nuestra silla madera blanca. Combina a la perfecci\u00f3n con colores neutros y mueblas sencillos de toda la vida. En el caso de que est\u00e9s pensado renovar las sillas de la concina, del comedor o incluso de [&hellip;]<\/p>\n","protected":false},"author":1,"featured_media":3719,"comment_status":"closed","ping_status":"closed","sticky":false,"template":"","format":"standard","meta":{"footnotes":""},"categories":[19],"tags":[34,45,49],"class_list":["post-3718","post","type-post","status-publish","format-standard","has-post-thumbnail","hentry","category-productos-viada","tag-categoria-fix-1","tag-home-fix-1","tag-producte-fix-1"],"yoast_head":"<!-- This site is optimized with the Yoast SEO plugin v26.1.1 - https:\/\/yoast.com\/wordpress\/plugins\/seo\/ -->\n<title>Silla Madera Blanca - Blog Viada<\/title>\n<meta name=\"description\" content=\"Silla madera blanca. Silla de color blanco fabricada de una madera ligera y muy resistente. Decora todos los espacios de tu casa con Viada.\" \/>\n<meta name=\"robots\" content=\"index, follow, max-snippet:-1, max-image-preview:large, max-video-preview:-1\" \/>\n<link rel=\"canonical\" href=\"https:\/\/viada.net\/blog\/silla-madera-blanca\/\" \/>\n<meta property=\"og:locale\" content=\"es_ES\" \/>\n<meta property=\"og:type\" content=\"article\" \/>\n<meta property=\"og:title\" content=\"Silla Madera Blanca - Blog Viada\" \/>\n<meta property=\"og:description\" content=\"Silla madera blanca. Silla de color blanco fabricada de una madera ligera y muy resistente. Decora todos los espacios de tu casa con Viada.\" \/>\n<meta property=\"og:url\" content=\"https:\/\/viada.net\/blog\/silla-madera-blanca\/\" \/>\n<meta property=\"og:site_name\" content=\"Blog Viada\" \/>\n<meta property=\"article:published_time\" content=\"2019-08-19T12:00:15+00:00\" \/>\n<meta property=\"article:modified_time\" content=\"2026-03-10T13:33:17+00:00\" \/>\n<meta property=\"og:image\" content=\"https:\/\/viada.net\/blog\/wp-content\/uploads\/2019\/08\/sillaMaderaBlancaDestacada.jpg\" \/>\n\t<meta property=\"og:image:width\" content=\"400\" \/>\n\t<meta property=\"og:image:height\" content=\"400\" \/>\n\t<meta property=\"og:image:type\" content=\"image\/jpeg\" \/>\n<meta name=\"author\" content=\"WMS\" \/>\n<meta name=\"twitter:card\" content=\"summary_large_image\" \/>\n<meta name=\"twitter:label1\" content=\"Escrito por\" \/>\n\t<meta name=\"twitter:data1\" content=\"WMS\" \/>\n\t<meta name=\"twitter:label2\" content=\"Tiempo de lectura\" \/>\n\t<meta name=\"twitter:data2\" content=\"4 minutos\" \/>\n<script type=\"application\/ld+json\" class=\"yoast-schema-graph\">{\"@context\":\"https:\/\/schema.org\",\"@graph\":[{\"@type\":\"Article\",\"@id\":\"https:\/\/viada.net\/blog\/silla-madera-blanca\/#article\",\"isPartOf\":{\"@id\":\"https:\/\/viada.net\/blog\/silla-madera-blanca\/\"},\"author\":{\"name\":\"WMS\",\"@id\":\"https:\/\/viada.net\/blog\/#\/schema\/person\/0a367abb0890a4d711ba78fdad48f365\"},\"headline\":\"Silla Madera Blanca\",\"datePublished\":\"2019-08-19T12:00:15+00:00\",\"dateModified\":\"2026-03-10T13:33:17+00:00\",\"mainEntityOfPage\":{\"@id\":\"https:\/\/viada.net\/blog\/silla-madera-blanca\/\"},\"wordCount\":686,\"publisher\":{\"@id\":\"https:\/\/viada.net\/blog\/#organization\"},\"image\":{\"@id\":\"https:\/\/viada.net\/blog\/silla-madera-blanca\/#primaryimage\"},\"thumbnailUrl\":\"https:\/\/viada.net\/blog\/wp-content\/uploads\/2019\/08\/sillaMaderaBlancaDestacada.jpg\",\"keywords\":[\"Categoria Fix 1\",\"Home Fix 1\",\"Producte Fix 1\"],\"articleSection\":[\"Productos Viada\"],\"inLanguage\":\"es\"},{\"@type\":\"WebPage\",\"@id\":\"https:\/\/viada.net\/blog\/silla-madera-blanca\/\",\"url\":\"https:\/\/viada.net\/blog\/silla-madera-blanca\/\",\"name\":\"Silla Madera Blanca - Blog Viada\",\"isPartOf\":{\"@id\":\"https:\/\/viada.net\/blog\/#website\"},\"primaryImageOfPage\":{\"@id\":\"https:\/\/viada.net\/blog\/silla-madera-blanca\/#primaryimage\"},\"image\":{\"@id\":\"https:\/\/viada.net\/blog\/silla-madera-blanca\/#primaryimage\"},\"thumbnailUrl\":\"https:\/\/viada.net\/blog\/wp-content\/uploads\/2019\/08\/sillaMaderaBlancaDestacada.jpg\",\"datePublished\":\"2019-08-19T12:00:15+00:00\",\"dateModified\":\"2026-03-10T13:33:17+00:00\",\"description\":\"Silla madera blanca. Silla de color blanco fabricada de una madera ligera y muy resistente. Decora todos los espacios de tu casa con Viada.\",\"breadcrumb\":{\"@id\":\"https:\/\/viada.net\/blog\/silla-madera-blanca\/#breadcrumb\"},\"inLanguage\":\"es\",\"potentialAction\":[{\"@type\":\"ReadAction\",\"target\":[\"https:\/\/viada.net\/blog\/silla-madera-blanca\/\"]}]},{\"@type\":\"ImageObject\",\"inLanguage\":\"es\",\"@id\":\"https:\/\/viada.net\/blog\/silla-madera-blanca\/#primaryimage\",\"url\":\"https:\/\/viada.net\/blog\/wp-content\/uploads\/2019\/08\/sillaMaderaBlancaDestacada.jpg\",\"contentUrl\":\"https:\/\/viada.net\/blog\/wp-content\/uploads\/2019\/08\/sillaMaderaBlancaDestacada.jpg\",\"width\":\"400\",\"height\":\"400\",\"caption\":\"Silla Madera Blanca\"},{\"@type\":\"BreadcrumbList\",\"@id\":\"https:\/\/viada.net\/blog\/silla-madera-blanca\/#breadcrumb\",\"itemListElement\":[{\"@type\":\"ListItem\",\"position\":1,\"name\":\"Portada\",\"item\":\"https:\/\/viada.net\/blog\/\"},{\"@type\":\"ListItem\",\"position\":2,\"name\":\"Silla Madera Blanca\"}]},{\"@type\":\"WebSite\",\"@id\":\"https:\/\/viada.net\/blog\/#website\",\"url\":\"https:\/\/viada.net\/blog\/\",\"name\":\"Blog Viada\",\"description\":\"\",\"publisher\":{\"@id\":\"https:\/\/viada.net\/blog\/#organization\"},\"potentialAction\":[{\"@type\":\"SearchAction\",\"target\":{\"@type\":\"EntryPoint\",\"urlTemplate\":\"https:\/\/viada.net\/blog\/?s={search_term_string}\"},\"query-input\":{\"@type\":\"PropertyValueSpecification\",\"valueRequired\":true,\"valueName\":\"search_term_string\"}}],\"inLanguage\":\"es\"},{\"@type\":\"Organization\",\"@id\":\"https:\/\/viada.net\/blog\/#organization\",\"name\":\"Blog Viada\",\"url\":\"https:\/\/viada.net\/blog\/\",\"logo\":{\"@type\":\"ImageObject\",\"inLanguage\":\"es\",\"@id\":\"https:\/\/viada.net\/blog\/#\/schema\/logo\/image\/\",\"url\":\"https:\/\/viada.net\/blog\/wp-content\/uploads\/2018\/02\/logo.png\",\"contentUrl\":\"https:\/\/viada.net\/blog\/wp-content\/uploads\/2018\/02\/logo.png\",\"width\":114,\"height\":32,\"caption\":\"Blog Viada\"},\"image\":{\"@id\":\"https:\/\/viada.net\/blog\/#\/schema\/logo\/image\/\"}},{\"@type\":\"Person\",\"@id\":\"https:\/\/viada.net\/blog\/#\/schema\/person\/0a367abb0890a4d711ba78fdad48f365\",\"name\":\"WMS\",\"sameAs\":[\"https:\/\/viada.net\/blog\"],\"url\":\"https:\/\/viada.net\/blog\/author\/wms\/\"}]}<\/script>\n<!-- \/ Yoast SEO plugin. -->","yoast_head_json":{"title":"Silla Madera Blanca - Blog Viada","description":"Silla madera blanca. Silla de color blanco fabricada de una madera ligera y muy resistente. Decora todos los espacios de tu casa con Viada.","robots":{"index":"index","follow":"follow","max-snippet":"max-snippet:-1","max-image-preview":"max-image-preview:large","max-video-preview":"max-video-preview:-1"},"canonical":"https:\/\/viada.net\/blog\/silla-madera-blanca\/","og_locale":"es_ES","og_type":"article","og_title":"Silla Madera Blanca - Blog Viada","og_description":"Silla madera blanca. Silla de color blanco fabricada de una madera ligera y muy resistente. Decora todos los espacios de tu casa con Viada.","og_url":"https:\/\/viada.net\/blog\/silla-madera-blanca\/","og_site_name":"Blog Viada","article_published_time":"2019-08-19T12:00:15+00:00","article_modified_time":"2026-03-10T13:33:17+00:00","og_image":[{"width":400,"height":400,"url":"https:\/\/viada.net\/blog\/wp-content\/uploads\/2019\/08\/sillaMaderaBlancaDestacada.jpg","type":"image\/jpeg"}],"author":"WMS","twitter_card":"summary_large_image","twitter_misc":{"Escrito por":"WMS","Tiempo de lectura":"4 minutos"},"schema":{"@context":"https:\/\/schema.org","@graph":[{"@type":"Article","@id":"https:\/\/viada.net\/blog\/silla-madera-blanca\/#article","isPartOf":{"@id":"https:\/\/viada.net\/blog\/silla-madera-blanca\/"},"author":{"name":"WMS","@id":"https:\/\/viada.net\/blog\/#\/schema\/person\/0a367abb0890a4d711ba78fdad48f365"},"headline":"Silla Madera Blanca","datePublished":"2019-08-19T12:00:15+00:00","dateModified":"2026-03-10T13:33:17+00:00","mainEntityOfPage":{"@id":"https:\/\/viada.net\/blog\/silla-madera-blanca\/"},"wordCount":686,"publisher":{"@id":"https:\/\/viada.net\/blog\/#organization"},"image":{"@id":"https:\/\/viada.net\/blog\/silla-madera-blanca\/#primaryimage"},"thumbnailUrl":"https:\/\/viada.net\/blog\/wp-content\/uploads\/2019\/08\/sillaMaderaBlancaDestacada.jpg","keywords":["Categoria Fix 1","Home Fix 1","Producte Fix 1"],"articleSection":["Productos Viada"],"inLanguage":"es"},{"@type":"WebPage","@id":"https:\/\/viada.net\/blog\/silla-madera-blanca\/","url":"https:\/\/viada.net\/blog\/silla-madera-blanca\/","name":"Silla Madera Blanca - Blog Viada","isPartOf":{"@id":"https:\/\/viada.net\/blog\/#website"},"primaryImageOfPage":{"@id":"https:\/\/viada.net\/blog\/silla-madera-blanca\/#primaryimage"},"image":{"@id":"https:\/\/viada.net\/blog\/silla-madera-blanca\/#primaryimage"},"thumbnailUrl":"https:\/\/viada.net\/blog\/wp-content\/uploads\/2019\/08\/sillaMaderaBlancaDestacada.jpg","datePublished":"2019-08-19T12:00:15+00:00","dateModified":"2026-03-10T13:33:17+00:00","description":"Silla madera blanca. Silla de color blanco fabricada de una madera ligera y muy resistente. Decora todos los espacios de tu casa con Viada.","breadcrumb":{"@id":"https:\/\/viada.net\/blog\/silla-madera-blanca\/#breadcrumb"},"inLanguage":"es","potentialAction":[{"@type":"ReadAction","target":["https:\/\/viada.net\/blog\/silla-madera-blanca\/"]}]},{"@type":"ImageObject","inLanguage":"es","@id":"https:\/\/viada.net\/blog\/silla-madera-blanca\/#primaryimage","url":"https:\/\/viada.net\/blog\/wp-content\/uploads\/2019\/08\/sillaMaderaBlancaDestacada.jpg","contentUrl":"https:\/\/viada.net\/blog\/wp-content\/uploads\/2019\/08\/sillaMaderaBlancaDestacada.jpg","width":"400","height":"400","caption":"Silla Madera Blanca"},{"@type":"BreadcrumbList","@id":"https:\/\/viada.net\/blog\/silla-madera-blanca\/#breadcrumb","itemListElement":[{"@type":"ListItem","position":1,"name":"Portada","item":"https:\/\/viada.net\/blog\/"},{"@type":"ListItem","position":2,"name":"Silla Madera Blanca"}]},{"@type":"WebSite","@id":"https:\/\/viada.net\/blog\/#website","url":"https:\/\/viada.net\/blog\/","name":"Blog Viada","description":"","publisher":{"@id":"https:\/\/viada.net\/blog\/#organization"},"potentialAction":[{"@type":"SearchAction","target":{"@type":"EntryPoint","urlTemplate":"https:\/\/viada.net\/blog\/?s={search_term_string}"},"query-input":{"@type":"PropertyValueSpecification","valueRequired":true,"valueName":"search_term_string"}}],"inLanguage":"es"},{"@type":"Organization","@id":"https:\/\/viada.net\/blog\/#organization","name":"Blog Viada","url":"https:\/\/viada.net\/blog\/","logo":{"@type":"ImageObject","inLanguage":"es","@id":"https:\/\/viada.net\/blog\/#\/schema\/logo\/image\/","url":"https:\/\/viada.net\/blog\/wp-content\/uploads\/2018\/02\/logo.png","contentUrl":"https:\/\/viada.net\/blog\/wp-content\/uploads\/2018\/02\/logo.png","width":114,"height":32,"caption":"Blog Viada"},"image":{"@id":"https:\/\/viada.net\/blog\/#\/schema\/logo\/image\/"}},{"@type":"Person","@id":"https:\/\/viada.net\/blog\/#\/schema\/person\/0a367abb0890a4d711ba78fdad48f365","name":"WMS","sameAs":["https:\/\/viada.net\/blog"],"url":"https:\/\/viada.net\/blog\/author\/wms\/"}]}},"_links":{"self":[{"href":"https:\/\/viada.net\/blog\/wp-json\/wp\/v2\/posts\/3718","targetHints":{"allow":["GET"]}}],"collection":[{"href":"https:\/\/viada.net\/blog\/wp-json\/wp\/v2\/posts"}],"about":[{"href":"https:\/\/viada.net\/blog\/wp-json\/wp\/v2\/types\/post"}],"author":[{"embeddable":true,"href":"https:\/\/viada.net\/blog\/wp-json\/wp\/v2\/users\/1"}],"replies":[{"embeddable":true,"href":"https:\/\/viada.net\/blog\/wp-json\/wp\/v2\/comments?post=3718"}],"version-history":[{"count":20,"href":"https:\/\/viada.net\/blog\/wp-json\/wp\/v2\/posts\/3718\/revisions"}],"predecessor-version":[{"id":4697,"href":"https:\/\/viada.net\/blog\/wp-json\/wp\/v2\/posts\/3718\/revisions\/4697"}],"wp:featuredmedia":[{"embeddable":true,"href":"https:\/\/viada.net\/blog\/wp-json\/wp\/v2\/media\/3719"}],"wp:attachment":[{"href":"https:\/\/viada.net\/blog\/wp-json\/wp\/v2\/media?parent=3718"}],"wp:term":[{"taxonomy":"category","embeddable":true,"href":"https:\/\/viada.net\/blog\/wp-json\/wp\/v2\/categories?post=3718"},{"taxonomy":"post_tag","embeddable":true,"href":"https:\/\/viada.net\/blog\/wp-json\/wp\/v2\/tags?post=3718"}],"curies":[{"name":"wp","href":"https:\/\/api.w.org\/{rel}","templated":true}]}}