{"id":3627,"date":"2019-08-05T14:00:29","date_gmt":"2019-08-05T12:00:29","guid":{"rendered":"https:\/\/viada.net\/blog\/?p=3627"},"modified":"2026-03-10T14:33:58","modified_gmt":"2026-03-10T13:33:58","slug":"alquiler-mesas-sillas","status":"publish","type":"post","link":"https:\/\/viada.net\/blog\/alquiler-mesas-sillas\/","title":{"rendered":"Alquiler Mesas Sillas"},"content":{"rendered":"\r\n<div class=\"uk-grid uk-grid-collapse contentPartPost\">\r\n<h2 class=\"uk-width-1-1 uk-width-medium-1-1 contentTextPost\"><span style=\"font-size: 16px;\">\u00bfNecesitas alquilar material usado y en estado \u00f3ptimo? \u00a1Somos tu soluci\u00f3n!<\/span><\/h2>\r\n<\/div>\r\n<div class=\"uk-grid uk-grid-collapse contentPartPost\">\r\n<div class=\"uk-width-1-1 uk-width-medium-1-1 contentTextPost\">\r\n<p class=\"teaser\">Viada, es especialista tanto en venta como en el alquiler de material para celebraciones. Suministramos todo el mobiliario que necesites para tus eventos como bodas, recepciones, banquetes, etc. Mesas y sillas para boda, banquetes, conferencias, bares, bufets, etc. Tanto para interior como exterior. A parte de alquiler, siempre tendremos nuestros productos para su compra. Echa un vistazo a nuestros productos de compra. <a href=\"https:\/\/viada.net\/mesas-plegables\/\">Mesas Plegables<\/a>, <a href=\"https:\/\/viada.net\/sillas-plegables\/\">Sillas Plegables<\/a>, <a href=\"https:\/\/viada.net\/carpas-plegables\/\">Carpas Plegables<\/a>.<\/p>\r\n<\/div>\r\n<\/div>\r\n\r\n\r\n\r\n<div class=\"uk-grid uk-grid-collapse contentPartPost\" style=\"text-align: center; background-color: #ffff99; border-radius: 10px; margin: 30px 0px !important;\">\r\n<div class=\"uk-width-1-1 uk-width-medium-1-1 contentTextPost\">\r\n<h2 style=\"text-align: center !important;\">\u00a1Alquiler de mesas y sillas o carpas, siempre a final de temporada!<\/h2>\r\n<\/div>\r\n<\/div>\r\n\r\n\r\n\r\n<div class=\"uk-grid uk-grid-collapse contentPartPost\">\r\n<div class=\"uk-width-1-1 uk-width-medium-1-1 contentTextPost\">\r\n<h2 style=\"text-align: center !important;\">Alquiler de Sillas<\/h2>\r\n<\/div>\r\n<\/div>\r\n\r\n\r\n\r\n<div align=\"center\"><hr style=\"width: 50%;\" \/><\/div>\r\n\r\n\r\n\r\n<div class=\"uk-grid uk-grid-collapse contentPartPost\">\r\n<div class=\"uk-width-1-1 uk-width-medium-1-2 contentImgPost\">\r\n<h2 class=\"tituloImgPost\" style=\"text-align: center !important;\">Silla Plegable Intensive (negra)<\/h2>\r\n<a href=\"https:\/\/viada.net\/sillas-plegables\/\"><img decoding=\"async\" style=\"width: 80% !important; padding: 20px !important;\" title=\"Silla Plegable Intensive\" src=\"https:\/\/static.viada.net\/blog\/images\/img\/sillaIntensiveNegra.jpg\" alt=\"Silla Plegable Intensive\" \/><\/a>\r\n<p style=\"padding: 0px 20px; text-align: justify;\">La estructura de Intensive est\u00e1 hecha en acero de 1.2 mil\u00edmetros de grosor y con un acabado Epoxi. El confortable y c\u00f3modo asiento est\u00e1 fabricado en polipropileno con un tama\u00f1o de 38 x 39 cent\u00edmetros y con un acabado en antideslizante. En cuanto al respaldo, est\u00e1 fabricado en polipropileno con un tama\u00f1o de 45 x 16 cent\u00edmetros y con un acabado antideslizante.<\/p>\r\n<\/div>\r\n<div class=\"uk-width-1-1 uk-width-medium-1-2 contentImgPost\">\r\n<h2 class=\"tituloImgPost\" style=\"text-align: center !important;\">Silla plegable Mit (blanca)<\/h2>\r\n<a href=\"https:\/\/viada.net\/sillas-plegables\/\"><img decoding=\"async\" style=\"width: 80% !important; padding: 20px !important;\" title=\"Silla plegable Mit\" src=\"https:\/\/static.viada.net\/blog\/images\/img\/sillaMitBlanca.jpg\" alt=\"Silla plegable Mit\" \/><\/a>\r\n<p style=\"padding: 0px 20px; text-align: justify;\">La estructura del modelo MIT es robusto, est\u00e1 realizada en acero con acabado pavonado al horno, con un tama\u00f1o de 22 mil\u00edmetros de di\u00e1metro y un grosor de 1,2 mil\u00edmetros. En cuanto al asiento, tiene unas medidas de 40 x 40 cent\u00edmetros y est\u00e1 fabricado en polietileno de alta densidad con acabado antideslizante.<\/p>\r\n<\/div>\r\n<\/div>\r\n\r\n\r\n<hr class=\"wp-block-separator has-css-opacity\" \/>\r\n\r\n\r\n<div class=\"uk-grid uk-grid-collapse contentPartPost\">\r\n<div class=\"uk-width-1-1 uk-width-medium-1-1 contentTextPost\">\r\n<h2 style=\"text-align: center !important;\">Alquiler de Mesas<\/h2>\r\n<\/div>\r\n<\/div>\r\n\r\n\r\n\r\n<div align=\"center\"><hr style=\"width: 50%;\" \/><\/div>\r\n\r\n\r\n\r\n<div class=\"uk-grid uk-grid-collapse contentPartPost\">\r\n<div class=\"uk-width-1-1 uk-width-medium-1-3 contentImgPost\">\r\n<h2 class=\"tituloImgPost\" style=\"text-align: center !important;\">Mesa <br \/>Redonda<\/h2>\r\n<img decoding=\"async\" title=\"Mesa Redonda\" src=\"https:\/\/static.viada.net\/blog\/images\/img\/mesaRedondaGrande.jpg\" alt=\"Mesa Redonda\" \/>\r\n<p style=\"padding: 0px 20px; text-align: justify;\">Tablero de madera de 160cm de di\u00e1metro y colocar manteler\u00eda encima. En cuanto a su estructura plegable, hecha de acero.<\/p>\r\n<\/div>\r\n<div class=\"uk-width-1-1 uk-width-medium-1-3 contentImgPost\">\r\n<h2 class=\"tituloImgPost\" style=\"text-align: center !important;\">Mesa <br \/>Rectangular<\/h2>\r\n<img decoding=\"async\" title=\"Mesa Rectangular\" src=\"https:\/\/static.viada.net\/blog\/images\/img\/mesaRactangularGrande.jpg\" alt=\"Mesa Rectangular\" \/>\r\n<p style=\"padding: 0px 20px; text-align: justify;\">Tablero de madera de 180cm de largo y colocar manteler\u00eda encima. En cuanto a su estructura plegable, hecha de acero.<\/p>\r\n<\/div>\r\n<div class=\"uk-width-1-1 uk-width-medium-1-3 contentImgPost\">\r\n<h2 class=\"tituloImgPost\" style=\"text-align: center !important;\">Mesa <br \/>Rectangular peque\u00f1a<\/h2>\r\n<img decoding=\"async\" title=\"Mesa Rectangular peque\u00f1a \" src=\"https:\/\/static.viada.net\/blog\/images\/img\/mesaRactangularPeque\u00f1a.jpg\" alt=\"Mesa Rectangular peque\u00f1a \" \/>\r\n<p style=\"padding: 0px 20px; text-align: justify;\">Tablero de madera de 80cm x 60cm y colocar manteler\u00eda encima. En cuanto a su estructura plegable, hecha de acero.<\/p>\r\n<\/div>\r\n<\/div>\r\n\r\n\r\n<hr class=\"wp-block-separator has-css-opacity\" \/>\r\n\r\n\r\n<div class=\"uk-grid uk-grid-collapse contentPartPost\">\r\n<div class=\"uk-width-1-1 uk-width-medium-1-4 contentImgPost\"><img decoding=\"async\" id=\"img-131\" title=\"Uso para Mesa Redonda\" src=\"https:\/\/static.viada.net\/blog\/images\/img\/UsoMesaRedonda.jpg\" alt=\"Uso para Mesa Redonda\" \/><\/div>\r\n<div class=\"uk-width-1-1 uk-width-medium-1-4 contentImgPost\"><img decoding=\"async\" title=\"Uso Mesa para Rectangular\" src=\"https:\/\/static.viada.net\/blog\/images\/img\/UsoMesaRectangular.jpg\" alt=\"Uso para Mesa Rectangular\" \/><\/div>\r\n<div class=\"uk-width-1-1 uk-width-medium-1-4 contentImgPost\"><img decoding=\"async\" title=\"Uso para Sillas\" src=\"https:\/\/static.viada.net\/blog\/images\/img\/UsoSillas.jpg\" alt=\"Uso para Sillas\" \/><\/div>\r\n<div class=\"uk-width-1-1 uk-width-medium-1-4 contentImgPost\"><img decoding=\"async\" title=\"Uso para Mesa Rectangular Peque\u00f1a\" src=\"https:\/\/static.viada.net\/blog\/images\/img\/UsoMesaRectangularPeque\u00f1a.jpg\" alt=\"Uso para Mesa Rectangular Peque\u00f1a\" \/><\/div>\r\n<\/div>\r\n\r\n\r\n<hr class=\"wp-block-separator has-css-opacity\" \/>\r\n\r\n\r\n<div class=\"uk-grid uk-grid-collapse contentPartPost\">\r\n<div class=\"uk-width-1-1 uk-width-medium-1-1 contentTextPost\">\r\n<h2 style=\"text-align: center !important;\">Otra opci\u00f3n disponible a tener en cuenta:<\/h2>\r\n<\/div>\r\n<\/div>\r\n\r\n\r\n\r\n<div align=\"center\"><hr style=\"width: 50%;\" \/><\/div>\r\n\r\n\r\n\r\n<div class=\"uk-grid uk-grid-collapse contentPartPost\">\r\n<div class=\"uk-width-1-1 uk-width-medium-1-4 contentImgPost\"><img decoding=\"async\" title=\"carpa 3x3m\" src=\"https:\/\/static.viada.net\/blog\/images\/img\/carpaPlegableAzul.jpg\" alt=\"carpa 3x3m\" \/><\/div>\r\n<div class=\"uk-width-1-1 uk-width-medium-2-4 contentTextPost\" style=\"text-align: justify !important;\">\r\n<h2 style=\"text-align: left !important;\">Alquiler de Carpas<\/h2>\r\n<p>Grupo Viada, tambi\u00e9n te proponemos otra opci\u00f3n de alquiler. Por ejemplo, si tienes que celebrar un evento al aire libre, y solo lo necesitas una vez, puedes alquilar una de muestras carpas. Disponemos de un departamento que se encarga de realizar el mantenimiento y revisi\u00f3n de todos los componentes de nuestras carpas: lonas, estructuras, etc. S\u00f3lo as\u00ed podemos conseguir ofrecer un producto seguro y fiable.<\/p>\r\n<div align=\"center\"><hr style=\"width: 50%;\" \/><\/div>\r\n<h2 style=\"text-align: left !important;\">Cubiertas de las carpas<\/h2>\r\n<p>Nuestras carpas suelen estar usadas. Y dependiendo de su uso, su precio variar\u00e1. Tenemos carpas de uso bajo, uso medio y uso alto. Siendo as\u00ed que el uso m\u00e1s bajo puede haber sido usado solo 1 o 3 veces y el uso m\u00e1s alto unas 10 o 15 veces. Pero lo importante no es su uso, sino que aunque hayan sido usadas varias veces, las mantenemos en estado \u00f3ptimo para que puedan seguir haciendo su funci\u00f3n y as\u00ed hacer que tu evento sea un \u00e9xito.<\/p>\r\n<\/div>\r\n<div class=\"uk-width-1-1 uk-width-medium-1-4 contentImgPost\"><img decoding=\"async\" title=\"cubierta de la carpa\" src=\"https:\/\/viada.net\/blog\/images\/img\/techoConFaldon.jpg\" alt=\"cubierta de la carpa\" \/><\/div>\r\n<\/div>\r\n\r\n\r\n<hr class=\"wp-block-separator has-css-opacity\" \/>\r\n\r\n\r\n<div class=\"uk-grid uk-grid-collapse contentPartPost\">\r\n<div class=\"uk-width-1-1 uk-width-medium-1-1 contentTextPost\">\r\n<h2>Precios del alquiler de mesas y sillas o carpas<\/h2>\r\n<p style=\"text-align: justify !important;\">El precio del alquiler de Mesas y Sillas es fijo. Pero si alquilas una cantidad elevada de ellas, puedes llevarte alg\u00fan un descuento. Teniendo en cuenta que el transporte es un servicio a parte como lo es su precio. Tanto en el alquiler de mesas y sillas como en carpas. Cons\u00faltanos sin compromiso nuestras tarifas fijas y posibles descuentos en cantidades elevadas. En el alquiler de Carpas, su precio variar\u00e1 seg\u00fan su uso. La medida est\u00e1ndar que ofrecemos para alquiler es la carpa 3x3m, siendo esta la m\u00e1s usada por todos. Hemos comentado que hay varios usos: Bajo, Medio y Alto y que el uso m\u00e1s bajo es el menos usado y al m\u00e1s alto, es el que m\u00e1s usos ha tenido y el producto sigue en muy buen estado.<\/p>\r\n<\/div>\r\n<\/div>\r\n\r\n\r\n<hr class=\"wp-block-separator has-css-opacity\" \/>\r\n\r\n\r\n<div class=\"uk-grid uk-grid-collapse contentPartPost\">\r\n<div class=\"uk-width-1-1 uk-width-medium-1-4 contentImgPost\"><img decoding=\"async\" title=\"viada.net\" src=\"https:\/\/static.viada.net\/blog\/images\/img\/grupViadaLogo.jpg\" alt=\"viada.net\" \/><\/div>\r\n<div class=\"uk-width-1-1 uk-width-medium-3-4 contentTextPost\">\r\n<h2>Contacta con Viada<\/h2>\r\n<p style=\"text-align: justify !important;\">Si est\u00e1s interesado en hacer un alquiler de mesas y sillas o de carpas, antes que nada, consulta nuestras existencias. Incluso si quieres comprar alg\u00fan producto, tambi\u00e9n ponte en contacto con nosotros y nuestro equipo de profesionales te ayudar\u00e1 en todo lo que necesites.<\/p>\r\n<\/div>\r\n<\/div>\r\n","protected":false},"excerpt":{"rendered":"<p>\u00bfNecesitas alquilar material usado y en estado \u00f3ptimo? \u00a1Somos tu soluci\u00f3n! Viada, es especialista tanto en venta como en el alquiler de material para celebraciones. Suministramos todo el mobiliario que necesites para tus eventos como bodas, recepciones, banquetes, etc. Mesas y sillas para boda, banquetes, conferencias, bares, bufets, etc. Tanto para interior como exterior. A [&hellip;]<\/p>\n","protected":false},"author":1,"featured_media":3642,"comment_status":"closed","ping_status":"closed","sticky":false,"template":"","format":"standard","meta":{"footnotes":""},"categories":[19],"tags":[34,45,49],"class_list":["post-3627","post","type-post","status-publish","format-standard","has-post-thumbnail","hentry","category-productos-viada","tag-categoria-fix-1","tag-home-fix-1","tag-producte-fix-1"],"yoast_head":"<!-- This site is optimized with the Yoast SEO plugin v26.1.1 - https:\/\/yoast.com\/wordpress\/plugins\/seo\/ -->\n<title>Alquiler Mesas Sillas - Blog Viada<\/title>\n<meta name=\"description\" content=\"Alquiler de mesas y sillas para eventos, celebraciones y cualquier acontecimiento importante.\" \/>\n<meta name=\"robots\" content=\"index, follow, max-snippet:-1, max-image-preview:large, max-video-preview:-1\" \/>\n<link rel=\"canonical\" href=\"https:\/\/viada.net\/blog\/alquiler-mesas-sillas\/\" \/>\n<meta property=\"og:locale\" content=\"es_ES\" \/>\n<meta property=\"og:type\" content=\"article\" \/>\n<meta property=\"og:title\" content=\"Alquiler Mesas Sillas - Blog Viada\" \/>\n<meta property=\"og:description\" content=\"Alquiler de mesas y sillas para eventos, celebraciones y cualquier acontecimiento importante.\" \/>\n<meta property=\"og:url\" content=\"https:\/\/viada.net\/blog\/alquiler-mesas-sillas\/\" \/>\n<meta property=\"og:site_name\" content=\"Blog Viada\" \/>\n<meta property=\"article:published_time\" content=\"2019-08-05T12:00:29+00:00\" \/>\n<meta property=\"article:modified_time\" content=\"2026-03-10T13:33:58+00:00\" \/>\n<meta property=\"og:image\" content=\"https:\/\/viada.net\/blog\/wp-content\/uploads\/2019\/08\/alquilerMesasSillasDestacada.jpg\" \/>\n\t<meta property=\"og:image:width\" content=\"400\" \/>\n\t<meta property=\"og:image:height\" content=\"400\" \/>\n\t<meta property=\"og:image:type\" content=\"image\/jpeg\" \/>\n<meta name=\"author\" content=\"WMS\" \/>\n<meta name=\"twitter:card\" content=\"summary_large_image\" \/>\n<meta name=\"twitter:label1\" content=\"Escrito por\" \/>\n\t<meta name=\"twitter:data1\" content=\"WMS\" \/>\n\t<meta name=\"twitter:label2\" content=\"Tiempo de lectura\" \/>\n\t<meta name=\"twitter:data2\" content=\"6 minutos\" \/>\n<script type=\"application\/ld+json\" class=\"yoast-schema-graph\">{\"@context\":\"https:\/\/schema.org\",\"@graph\":[{\"@type\":\"Article\",\"@id\":\"https:\/\/viada.net\/blog\/alquiler-mesas-sillas\/#article\",\"isPartOf\":{\"@id\":\"https:\/\/viada.net\/blog\/alquiler-mesas-sillas\/\"},\"author\":{\"name\":\"WMS\",\"@id\":\"https:\/\/viada.net\/blog\/#\/schema\/person\/0a367abb0890a4d711ba78fdad48f365\"},\"headline\":\"Alquiler Mesas Sillas\",\"datePublished\":\"2019-08-05T12:00:29+00:00\",\"dateModified\":\"2026-03-10T13:33:58+00:00\",\"mainEntityOfPage\":{\"@id\":\"https:\/\/viada.net\/blog\/alquiler-mesas-sillas\/\"},\"wordCount\":664,\"publisher\":{\"@id\":\"https:\/\/viada.net\/blog\/#organization\"},\"image\":{\"@id\":\"https:\/\/viada.net\/blog\/alquiler-mesas-sillas\/#primaryimage\"},\"thumbnailUrl\":\"https:\/\/viada.net\/blog\/wp-content\/uploads\/2019\/08\/alquilerMesasSillasDestacada.jpg\",\"keywords\":[\"Categoria Fix 1\",\"Home Fix 1\",\"Producte Fix 1\"],\"articleSection\":[\"Productos Viada\"],\"inLanguage\":\"es\"},{\"@type\":\"WebPage\",\"@id\":\"https:\/\/viada.net\/blog\/alquiler-mesas-sillas\/\",\"url\":\"https:\/\/viada.net\/blog\/alquiler-mesas-sillas\/\",\"name\":\"Alquiler Mesas Sillas - Blog Viada\",\"isPartOf\":{\"@id\":\"https:\/\/viada.net\/blog\/#website\"},\"primaryImageOfPage\":{\"@id\":\"https:\/\/viada.net\/blog\/alquiler-mesas-sillas\/#primaryimage\"},\"image\":{\"@id\":\"https:\/\/viada.net\/blog\/alquiler-mesas-sillas\/#primaryimage\"},\"thumbnailUrl\":\"https:\/\/viada.net\/blog\/wp-content\/uploads\/2019\/08\/alquilerMesasSillasDestacada.jpg\",\"datePublished\":\"2019-08-05T12:00:29+00:00\",\"dateModified\":\"2026-03-10T13:33:58+00:00\",\"description\":\"Alquiler de mesas y sillas para eventos, celebraciones y cualquier acontecimiento importante.\",\"breadcrumb\":{\"@id\":\"https:\/\/viada.net\/blog\/alquiler-mesas-sillas\/#breadcrumb\"},\"inLanguage\":\"es\",\"potentialAction\":[{\"@type\":\"ReadAction\",\"target\":[\"https:\/\/viada.net\/blog\/alquiler-mesas-sillas\/\"]}]},{\"@type\":\"ImageObject\",\"inLanguage\":\"es\",\"@id\":\"https:\/\/viada.net\/blog\/alquiler-mesas-sillas\/#primaryimage\",\"url\":\"https:\/\/viada.net\/blog\/wp-content\/uploads\/2019\/08\/alquilerMesasSillasDestacada.jpg\",\"contentUrl\":\"https:\/\/viada.net\/blog\/wp-content\/uploads\/2019\/08\/alquilerMesasSillasDestacada.jpg\",\"width\":\"400\",\"height\":\"400\",\"caption\":\"alquiler de Mesas y Sillas boda casamiento\"},{\"@type\":\"BreadcrumbList\",\"@id\":\"https:\/\/viada.net\/blog\/alquiler-mesas-sillas\/#breadcrumb\",\"itemListElement\":[{\"@type\":\"ListItem\",\"position\":1,\"name\":\"Portada\",\"item\":\"https:\/\/viada.net\/blog\/\"},{\"@type\":\"ListItem\",\"position\":2,\"name\":\"Alquiler Mesas Sillas\"}]},{\"@type\":\"WebSite\",\"@id\":\"https:\/\/viada.net\/blog\/#website\",\"url\":\"https:\/\/viada.net\/blog\/\",\"name\":\"Blog Viada\",\"description\":\"\",\"publisher\":{\"@id\":\"https:\/\/viada.net\/blog\/#organization\"},\"potentialAction\":[{\"@type\":\"SearchAction\",\"target\":{\"@type\":\"EntryPoint\",\"urlTemplate\":\"https:\/\/viada.net\/blog\/?s={search_term_string}\"},\"query-input\":{\"@type\":\"PropertyValueSpecification\",\"valueRequired\":true,\"valueName\":\"search_term_string\"}}],\"inLanguage\":\"es\"},{\"@type\":\"Organization\",\"@id\":\"https:\/\/viada.net\/blog\/#organization\",\"name\":\"Blog Viada\",\"url\":\"https:\/\/viada.net\/blog\/\",\"logo\":{\"@type\":\"ImageObject\",\"inLanguage\":\"es\",\"@id\":\"https:\/\/viada.net\/blog\/#\/schema\/logo\/image\/\",\"url\":\"https:\/\/viada.net\/blog\/wp-content\/uploads\/2018\/02\/logo.png\",\"contentUrl\":\"https:\/\/viada.net\/blog\/wp-content\/uploads\/2018\/02\/logo.png\",\"width\":114,\"height\":32,\"caption\":\"Blog Viada\"},\"image\":{\"@id\":\"https:\/\/viada.net\/blog\/#\/schema\/logo\/image\/\"}},{\"@type\":\"Person\",\"@id\":\"https:\/\/viada.net\/blog\/#\/schema\/person\/0a367abb0890a4d711ba78fdad48f365\",\"name\":\"WMS\",\"sameAs\":[\"https:\/\/viada.net\/blog\"],\"url\":\"https:\/\/viada.net\/blog\/author\/wms\/\"}]}<\/script>\n<!-- \/ Yoast SEO plugin. -->","yoast_head_json":{"title":"Alquiler Mesas Sillas - Blog Viada","description":"Alquiler de mesas y sillas para eventos, celebraciones y cualquier acontecimiento importante.","robots":{"index":"index","follow":"follow","max-snippet":"max-snippet:-1","max-image-preview":"max-image-preview:large","max-video-preview":"max-video-preview:-1"},"canonical":"https:\/\/viada.net\/blog\/alquiler-mesas-sillas\/","og_locale":"es_ES","og_type":"article","og_title":"Alquiler Mesas Sillas - Blog Viada","og_description":"Alquiler de mesas y sillas para eventos, celebraciones y cualquier acontecimiento importante.","og_url":"https:\/\/viada.net\/blog\/alquiler-mesas-sillas\/","og_site_name":"Blog Viada","article_published_time":"2019-08-05T12:00:29+00:00","article_modified_time":"2026-03-10T13:33:58+00:00","og_image":[{"width":400,"height":400,"url":"https:\/\/viada.net\/blog\/wp-content\/uploads\/2019\/08\/alquilerMesasSillasDestacada.jpg","type":"image\/jpeg"}],"author":"WMS","twitter_card":"summary_large_image","twitter_misc":{"Escrito por":"WMS","Tiempo de lectura":"6 minutos"},"schema":{"@context":"https:\/\/schema.org","@graph":[{"@type":"Article","@id":"https:\/\/viada.net\/blog\/alquiler-mesas-sillas\/#article","isPartOf":{"@id":"https:\/\/viada.net\/blog\/alquiler-mesas-sillas\/"},"author":{"name":"WMS","@id":"https:\/\/viada.net\/blog\/#\/schema\/person\/0a367abb0890a4d711ba78fdad48f365"},"headline":"Alquiler Mesas Sillas","datePublished":"2019-08-05T12:00:29+00:00","dateModified":"2026-03-10T13:33:58+00:00","mainEntityOfPage":{"@id":"https:\/\/viada.net\/blog\/alquiler-mesas-sillas\/"},"wordCount":664,"publisher":{"@id":"https:\/\/viada.net\/blog\/#organization"},"image":{"@id":"https:\/\/viada.net\/blog\/alquiler-mesas-sillas\/#primaryimage"},"thumbnailUrl":"https:\/\/viada.net\/blog\/wp-content\/uploads\/2019\/08\/alquilerMesasSillasDestacada.jpg","keywords":["Categoria Fix 1","Home Fix 1","Producte Fix 1"],"articleSection":["Productos Viada"],"inLanguage":"es"},{"@type":"WebPage","@id":"https:\/\/viada.net\/blog\/alquiler-mesas-sillas\/","url":"https:\/\/viada.net\/blog\/alquiler-mesas-sillas\/","name":"Alquiler Mesas Sillas - Blog Viada","isPartOf":{"@id":"https:\/\/viada.net\/blog\/#website"},"primaryImageOfPage":{"@id":"https:\/\/viada.net\/blog\/alquiler-mesas-sillas\/#primaryimage"},"image":{"@id":"https:\/\/viada.net\/blog\/alquiler-mesas-sillas\/#primaryimage"},"thumbnailUrl":"https:\/\/viada.net\/blog\/wp-content\/uploads\/2019\/08\/alquilerMesasSillasDestacada.jpg","datePublished":"2019-08-05T12:00:29+00:00","dateModified":"2026-03-10T13:33:58+00:00","description":"Alquiler de mesas y sillas para eventos, celebraciones y cualquier acontecimiento importante.","breadcrumb":{"@id":"https:\/\/viada.net\/blog\/alquiler-mesas-sillas\/#breadcrumb"},"inLanguage":"es","potentialAction":[{"@type":"ReadAction","target":["https:\/\/viada.net\/blog\/alquiler-mesas-sillas\/"]}]},{"@type":"ImageObject","inLanguage":"es","@id":"https:\/\/viada.net\/blog\/alquiler-mesas-sillas\/#primaryimage","url":"https:\/\/viada.net\/blog\/wp-content\/uploads\/2019\/08\/alquilerMesasSillasDestacada.jpg","contentUrl":"https:\/\/viada.net\/blog\/wp-content\/uploads\/2019\/08\/alquilerMesasSillasDestacada.jpg","width":"400","height":"400","caption":"alquiler de Mesas y Sillas boda casamiento"},{"@type":"BreadcrumbList","@id":"https:\/\/viada.net\/blog\/alquiler-mesas-sillas\/#breadcrumb","itemListElement":[{"@type":"ListItem","position":1,"name":"Portada","item":"https:\/\/viada.net\/blog\/"},{"@type":"ListItem","position":2,"name":"Alquiler Mesas Sillas"}]},{"@type":"WebSite","@id":"https:\/\/viada.net\/blog\/#website","url":"https:\/\/viada.net\/blog\/","name":"Blog Viada","description":"","publisher":{"@id":"https:\/\/viada.net\/blog\/#organization"},"potentialAction":[{"@type":"SearchAction","target":{"@type":"EntryPoint","urlTemplate":"https:\/\/viada.net\/blog\/?s={search_term_string}"},"query-input":{"@type":"PropertyValueSpecification","valueRequired":true,"valueName":"search_term_string"}}],"inLanguage":"es"},{"@type":"Organization","@id":"https:\/\/viada.net\/blog\/#organization","name":"Blog Viada","url":"https:\/\/viada.net\/blog\/","logo":{"@type":"ImageObject","inLanguage":"es","@id":"https:\/\/viada.net\/blog\/#\/schema\/logo\/image\/","url":"https:\/\/viada.net\/blog\/wp-content\/uploads\/2018\/02\/logo.png","contentUrl":"https:\/\/viada.net\/blog\/wp-content\/uploads\/2018\/02\/logo.png","width":114,"height":32,"caption":"Blog Viada"},"image":{"@id":"https:\/\/viada.net\/blog\/#\/schema\/logo\/image\/"}},{"@type":"Person","@id":"https:\/\/viada.net\/blog\/#\/schema\/person\/0a367abb0890a4d711ba78fdad48f365","name":"WMS","sameAs":["https:\/\/viada.net\/blog"],"url":"https:\/\/viada.net\/blog\/author\/wms\/"}]}},"_links":{"self":[{"href":"https:\/\/viada.net\/blog\/wp-json\/wp\/v2\/posts\/3627","targetHints":{"allow":["GET"]}}],"collection":[{"href":"https:\/\/viada.net\/blog\/wp-json\/wp\/v2\/posts"}],"about":[{"href":"https:\/\/viada.net\/blog\/wp-json\/wp\/v2\/types\/post"}],"author":[{"embeddable":true,"href":"https:\/\/viada.net\/blog\/wp-json\/wp\/v2\/users\/1"}],"replies":[{"embeddable":true,"href":"https:\/\/viada.net\/blog\/wp-json\/wp\/v2\/comments?post=3627"}],"version-history":[{"count":25,"href":"https:\/\/viada.net\/blog\/wp-json\/wp\/v2\/posts\/3627\/revisions"}],"predecessor-version":[{"id":4716,"href":"https:\/\/viada.net\/blog\/wp-json\/wp\/v2\/posts\/3627\/revisions\/4716"}],"wp:featuredmedia":[{"embeddable":true,"href":"https:\/\/viada.net\/blog\/wp-json\/wp\/v2\/media\/3642"}],"wp:attachment":[{"href":"https:\/\/viada.net\/blog\/wp-json\/wp\/v2\/media?parent=3627"}],"wp:term":[{"taxonomy":"category","embeddable":true,"href":"https:\/\/viada.net\/blog\/wp-json\/wp\/v2\/categories?post=3627"},{"taxonomy":"post_tag","embeddable":true,"href":"https:\/\/viada.net\/blog\/wp-json\/wp\/v2\/tags?post=3627"}],"curies":[{"name":"wp","href":"https:\/\/api.w.org\/{rel}","templated":true}]}}